{"id":3232,"date":"2026-02-24T13:28:17","date_gmt":"2026-02-24T12:28:17","guid":{"rendered":"https:\/\/funecon.es\/?p=3232"},"modified":"2026-03-28T08:02:47","modified_gmt":"2026-03-28T07:02:47","slug":"servicios-funerarios-espanoles-latinoamericanos","status":"publish","type":"post","link":"https:\/\/funecon.es\/es\/servicios-funerarios-espana-latinoamericanos\/","title":{"rendered":"Servicios funerarios en Espa\u00f1a para latinoamericanos: qu\u00e9 hacer cuando fallece un familiar lejos de casa"},"content":{"rendered":"<p>Cada a\u00f1o, miles de familias latinoamericanas residentes en Espa\u00f1a afrontan la p\u00e9rdida de un ser querido lejos de su pa\u00eds de origen.<\/p>\n\n\n\n<p>En esos momentos surgen preguntas urgentes:<\/p>\n\n\n\n<ul class=\"wp-block-list\">\n<li>\u00bfQu\u00e9 tr\u00e1mites debo realizar?<\/li>\n\n\n\n<li>\u00bfEs obligatorio informar al consulado?<\/li>\n\n\n\n<li>\u00bfSe puede repatriar el cuerpo a Latinoam\u00e9rica?<\/li>\n\n\n\n<li>\u00bfCu\u00e1nto cuesta un funeral en Espa\u00f1a?<\/li>\n<\/ul>\n\n\n\n<p>En Funecon coordinamos y acompa\u00f1amos a familias extranjeras -especialmente de Latinoam\u00e9rica- gestionando cada paso con claridad, transparencia y experiencia internacional.<\/p>\n\n\n\n<hr class=\"wp-block-separator has-alpha-channel-opacity\"\/>\n\n\n\n<h2 class=\"wp-block-heading\">Qu\u00e9 hacer si fallece un familiar en Espa\u00f1a siendo extranjero<\/h2>\n\n\n\n<p>Cuando ocurre un fallecimiento en Espa\u00f1a, los pasos principales son:<\/p>\n\n\n\n<h3 class=\"wp-block-heading\">1\ufe0f\u20e3 Certificado m\u00e9dico de defunci\u00f3n<\/h3>\n\n\n\n<p>Documento emitido por el m\u00e9dico que confirma la causa del fallecimiento.<\/p>\n\n\n\n<h3 class=\"wp-block-heading\">2\ufe0f\u20e3 Inscripci\u00f3n en el Registro Civil<\/h3>\n\n\n\n<p>Permite obtener el certificado literal de defunci\u00f3n, necesario para la mayor\u00eda de tr\u00e1mites posteriores.<\/p>\n\n\n\n<h3 class=\"wp-block-heading\">3\ufe0f\u20e3 Notificaci\u00f3n al consulado<\/h3>\n\n\n\n<p>Si la persona fallecida no era espa\u00f1ola, el consulado correspondiente debe ser informado para completar los procedimientos administrativos y, en su caso, la repatriaci\u00f3n.<\/p>\n\n\n\n<h3 class=\"wp-block-heading\">4\ufe0f\u20e3 Decidir entre entierro, cremaci\u00f3n o repatriaci\u00f3n<\/h3>\n\n\n\n<p>Tomar esta decisi\u00f3n en un entorno legal diferente puede resultar complejo. Contar con asesoramiento profesional desde el primer momento facilita el proceso y evita retrasos innecesarios.<\/p>\n\n\n\n<hr class=\"wp-block-separator has-alpha-channel-opacity\"\/>\n\n\n\n<h2 class=\"wp-block-heading\">Opciones disponibles para familias latinoamericanas en Espa\u00f1a<\/h2>\n\n\n\n<h3 class=\"wp-block-heading\">Entierro en Espa\u00f1a<\/h3>\n\n\n\n<p>Incluye velatorio, ceremonia (religiosa o civil), f\u00e9retro y sepultura.<\/p>\n\n\n\n<p>\ud83d\udcb6 <strong>Precio orientativo: entre 1.250 \u20ac y 1.850 \u20ac.<\/strong><br>(No incluye tasas municipales ni concesi\u00f3n de nicho, que var\u00edan seg\u00fan el cementerio.)<\/p>\n\n\n\n<p>En Espa\u00f1a, las concesiones de nicho suelen ser temporales (10-50 a\u00f1os seg\u00fan la ciudad), algo que puede resultar diferente respecto a muchos pa\u00edses latinoamericanos.<\/p>\n\n\n\n<hr class=\"wp-block-separator has-alpha-channel-opacity\"\/>\n\n\n\n<h3 class=\"wp-block-heading\">Cremation in Spain<\/h3>\n\n\n\n<p>La cremaci\u00f3n es una opci\u00f3n frecuente entre familias extranjeras por su flexibilidad y menor complejidad log\u00edstica.<\/p>\n\n\n\n<p>\ud83d\udcb6 <strong>Precio orientativo: entre 1.500 \u20ac y 2.150 \u20ac.<\/strong>,<br>dependiendo del municipio y los servicios incluidos.<\/p>\n\n\n\n<p>Permite:<\/p>\n\n\n\n<ul class=\"wp-block-list\">\n<li>Trasladar cenizas al pa\u00eds de origen.<\/li>\n\n\n\n<li>Organizar una ceremonia posterior en otro pa\u00eds.<\/li>\n\n\n\n<li>Reducir costes frente a otras opciones.<\/li>\n<\/ul>\n\n\n\n<hr class=\"wp-block-separator has-alpha-channel-opacity\"\/>\n\n\n\n<h3 class=\"wp-block-heading\">Repatriaci\u00f3n a Latinoam\u00e9rica o Centroam\u00e9rica<\/h3>\n\n\n\n<p>La repatriaci\u00f3n de un cuerpo desde Espa\u00f1a a Latinoam\u00e9rica requiere coordinaci\u00f3n t\u00e9cnica y documental especializada.<\/p>\n\n\n\n<p>El proceso incluye:<\/p>\n\n\n\n<ul class=\"wp-block-list\">\n<li>Preparaci\u00f3n sanitaria<\/li>\n\n\n\n<li>F\u00e9retro homologado para transporte a\u00e9reo internacional<\/li>\n\n\n\n<li>Documentaci\u00f3n sanitaria internacional<\/li>\n\n\n\n<li>Coordinaci\u00f3n con aerol\u00edneas<\/li>\n\n\n\n<li>Gesti\u00f3n consular<\/li>\n<\/ul>\n\n\n\n<p>\ud83d\udcb6 <strong>Coste del proceso en Espa\u00f1a: entre 3.000 \u20ac y 4.500 \u20ac.<\/strong><br>\u2708\ufe0f <strong>Vuelos internacionales:<\/strong> suelen oscilar entre 2.000 \u20ac y 3.000 \u20ac en promedio, dependiendo del destino y la disponibilidad.<\/p>\n\n\n\n<p>El tiempo de gesti\u00f3n puede variar seg\u00fan el pa\u00eds de destino y los requisitos consulares.<\/p>\n\n\n\n<p>Si desea informaci\u00f3n m\u00e1s detallada, puede consultar nuestra gu\u00eda completa sobre repatriaci\u00f3n desde Espa\u00f1a.<\/p>\n\n\n\n<hr class=\"wp-block-separator has-alpha-channel-opacity\"\/>\n\n\n\n<h2 class=\"wp-block-heading\">Tr\u00e1mites consulares m\u00e1s habituales<\/h2>\n\n\n\n<p>Los consulados de pa\u00edses como:<\/p>\n\n\n\n<p>Argentina<br>Colombia<br>Per\u00fa<br>Ecuador<br>Bolivia<br>M\u00e9xico<br>Honduras<br>El Salvador<br>Guatemala<br>Nicaragua<br>Rep\u00fablica Dominicana<\/p>\n\n\n\n<p>pueden solicitar:<\/p>\n\n\n\n<ul class=\"wp-block-list\">\n<li>Certificado literal de defunci\u00f3n<\/li>\n\n\n\n<li>Documento de identidad del fallecido<\/li>\n\n\n\n<li>Autorizaci\u00f3n familiar<\/li>\n\n\n\n<li>Permisos sanitarios internacionales<\/li>\n<\/ul>\n\n\n\n<p>Coordinar correctamente esta documentaci\u00f3n evita retrasos y facilita el traslado internacional.<\/p>\n\n\n\n<hr class=\"wp-block-separator has-alpha-channel-opacity\"\/>\n\n\n\n<h2 class=\"wp-block-heading\">Diferencias culturales que es importante conocer<\/h2>\n\n\n\n<p>En muchos pa\u00edses latinoamericanos:<\/p>\n\n\n\n<ul class=\"wp-block-list\">\n<li>El velatorio puede durar m\u00e1s tiempo.<\/li>\n\n\n\n<li>La despedida es comunitaria y extendida.<\/li>\n\n\n\n<li>Las sepulturas suelen ser permanentes.<\/li>\n<\/ul>\n\n\n\n<p>En Espa\u00f1a, los plazos suelen ser m\u00e1s r\u00e1pidos y las concesiones de cementerio son habitualmente temporales.<\/p>\n\n\n\n<p>Comprender estas diferencias culturales permite planificar el servicio con mayor serenidad y evitar decisiones precipitadas en un momento delicado.<\/p>\n\n\n\n<hr class=\"wp-block-separator has-alpha-channel-opacity\"\/>\n\n\n\n<h2 class=\"wp-block-heading\">Acompa\u00f1amiento especializado para extranjeros<\/h2>\n\n\n\n<p>Cuando una familia busca:<\/p>\n\n\n\n<ul class=\"wp-block-list\">\n<li>\u201cfuneraria para latinos en Espa\u00f1a\u201d<\/li>\n\n\n\n<li>\u201crepatriar cuerpo a Colombia desde Espa\u00f1a\u201d<\/li>\n\n\n\n<li>\u201cservicios funerarios para extranjeros en Madrid\u201d<\/li>\n<\/ul>\n\n\n\n<p>no est\u00e1 buscando \u00fanicamente un proveedor.<\/p>\n\n\n\n<p>Busca:<\/p>\n\n\n\n<p>\u2714 Coordinaci\u00f3n clara<br>\u2714 Transparencia en los precios<br>\u2714 Experiencia en documentaci\u00f3n internacional<br>\u2714 Comunicaci\u00f3n directa y emp\u00e1tica<\/p>\n\n\n\n<p>Eso es lo que define el enfoque de Funecon.<\/p>\n\n\n\n<hr class=\"wp-block-separator has-alpha-channel-opacity\"\/>\n\n\n\n<h2 class=\"wp-block-heading\">Preguntas frecuentes sobre funerales y repatriaciones para latinoamericanos en Espa\u00f1a - FAQ<\/h2>\n\n\n\n<h3 class=\"wp-block-heading\">\u00bfCu\u00e1nto cuesta repatriar un cuerpo a Latinoam\u00e9rica desde Espa\u00f1a?<\/h3>\n\n\n\n<p>El proceso en Espa\u00f1a suele situarse entre 3.000 \u20ac y 4.500 \u20ac, dependiendo del municipio y la gesti\u00f3n necesaria. El vuelo internacional puede oscilar entre 2.000 \u20ac y 3.000 \u20ac seg\u00fan destino y disponibilidad.<\/p>\n\n\n\n<h3 class=\"wp-block-heading\">\u00bfEs obligatorio informar al consulado cuando fallece un extranjero en Espa\u00f1a?<\/h3>\n\n\n\n<p>S\u00ed. Cuando la persona fallecida no es espa\u00f1ola, el consulado correspondiente debe ser notificado para completar determinados tr\u00e1mites administrativos o de repatriaci\u00f3n.<\/p>\n\n\n\n<h3 class=\"wp-block-heading\">\u00bfEs m\u00e1s econ\u00f3mica la cremaci\u00f3n que el entierro en Espa\u00f1a?<\/h3>\n\n\n\n<p>En la mayor\u00eda de los casos, la cremaci\u00f3n suele situarse entre 1.500 \u20ac y 2.150 \u20ac, mientras que el entierro puede oscilar entre 1.250 \u20ac y 1.850 \u20ac, sin incluir tasas de cementerio.<\/p>\n\n\n\n<h3 class=\"wp-block-heading\">\u00bfCu\u00e1nto tarda una repatriaci\u00f3n a Am\u00e9rica Latina?<\/h3>\n\n\n\n<p>El proceso puede tardar varios d\u00edas, dependiendo de la documentaci\u00f3n requerida por el pa\u00eds de destino y la disponibilidad de vuelos internacionales.<\/p>\n\n\n\n<h3 class=\"wp-block-heading\">\u00bfSe pueden trasladar cenizas a Latinoam\u00e9rica en avi\u00f3n?<\/h3>\n\n\n\n<p>S\u00ed. Es posible trasladar cenizas cumpliendo los requisitos de la aerol\u00ednea y la documentaci\u00f3n sanitaria correspondiente.<\/p>\n\n\n\n<hr class=\"wp-block-separator has-alpha-channel-opacity\"\/>\n\n\n\n<h2 class=\"wp-block-heading\">Otras lecturas recomendadas:<\/h2>\n\n\n\n<p><a href=\"https:\/\/funecon.es\/es\/guia-de-repatriacion-desde-espana\/\" type=\"link\" id=\"https:\/\/funecon.es\/es\/guia-de-repatriacion-desde-espana\/\">Gu\u00eda de repatriaci\u00f3n de Espa\u00f1a<\/a><\/p>\n\n\n\n<p><a href=\"https:\/\/funecon.es\/es\/guias\/\" type=\"link\" id=\"https:\/\/funecon.es\/es\/guias\/\">Todas nuestras gu\u00edas sobre servicios funerarios en Espa\u00f1a<\/a><\/p>\n\n\n\n<h2 class=\"wp-block-heading\">Si necesita orientaci\u00f3n inmediata<\/h2>\n\n\n\n<p>Si est\u00e1 atravesando una p\u00e9rdida y necesita informaci\u00f3n clara sobre:<\/p>\n\n\n\n<ul class=\"wp-block-list\">\n<li>Servicios funerarios en Espa\u00f1a para latinoamericanos<\/li>\n\n\n\n<li>Repatriaci\u00f3n a Latinoam\u00e9rica o Centroam\u00e9rica<\/li>\n\n\n\n<li>Costes de cremaci\u00f3n o entierro<\/li>\n\n\n\n<li>Tr\u00e1mites consulares<\/li>\n<\/ul>\n\n\n\n<p>Puede contactar con nosotros en cualquier momento.<\/p>\n\n\n\n<p>Le explicaremos cada paso con transparencia, sin presi\u00f3n y sin costes ocultos.<\/p>\n\n\n\n<p>\ud83d\udcde Ll\u00e1menos o escr\u00edbanos por WhatsApp: +34 640 034 791<br>\ud83d\udce7 <a>support@funecon.es<\/a><br>\ud83c\udf10 <a href=\"https:\/\/funecon.es\/es\/pongase-en-contacto-con\/\">https:\/\/funecon.es\/contact\/<\/a><\/p>\n\n\n\n<p>Atenci\u00f3n 24 horas, 7 d\u00edas a la semana.<\/p>\n\n\n\n<p><\/p>","protected":false},"excerpt":{"rendered":"<p>Cada a\u00f1o, miles de familias latinoamericanas residentes en Espa\u00f1a afrontan la p\u00e9rdida de un ser querido lejos de su pa\u00eds de origen. En esos momentos surgen preguntas urgentes: En Funecon coordinamos y acompa\u00f1amos a familias extranjeras \u2014especialmente de Latinoam\u00e9rica\u2014 gestionando cada paso con claridad, transparencia y experiencia internacional. Qu\u00e9 hacer si fallece un familiar en [&hellip;]<\/p>\n","protected":false},"author":1,"featured_media":3234,"comment_status":"open","ping_status":"open","sticky":false,"template":"","format":"standard","meta":{"_acf_changed":false,"footnotes":""},"categories":[20],"tags":[],"class_list":["post-3232","post","type-post","status-publish","format-standard","has-post-thumbnail","hentry","category-guide"],"blocksy_meta":[],"acf":[],"yoast_head":"<!-- This site is optimized with the Yoast SEO plugin v27.5 - https:\/\/yoast.com\/product\/yoast-seo-wordpress\/ -->\n<title>Servicios funerarios en Espa\u00f1a para latinoamericanos | Funecon<\/title>\n<meta name=\"description\" content=\"Servicios funerarios en Espa\u00f1a para latinoamericanos. Cremaci\u00f3n, entierro y repatriaci\u00f3n a Latinoam\u00e9rica con precios claros y gesti\u00f3n consular completa.\" \/>\n<meta name=\"robots\" content=\"index, follow, max-snippet:-1, max-image-preview:large, max-video-preview:-1\" \/>\n<link rel=\"canonical\" href=\"https:\/\/funecon.es\/es\/servicios-funerarios-espanoles-latinoamericanos\/\" \/>\n<meta property=\"og:locale\" content=\"es_ES\" \/>\n<meta property=\"og:type\" content=\"article\" \/>\n<meta property=\"og:title\" content=\"Servicios funerarios en Espa\u00f1a para latinoamericanos | Funecon\" \/>\n<meta property=\"og:description\" content=\"Servicios funerarios en Espa\u00f1a para latinoamericanos. Cremaci\u00f3n, entierro y repatriaci\u00f3n a Latinoam\u00e9rica con precios claros y gesti\u00f3n consular completa.\" \/>\n<meta property=\"og:url\" content=\"https:\/\/funecon.es\/es\/servicios-funerarios-espanoles-latinoamericanos\/\" \/>\n<meta property=\"og:site_name\" content=\"Funecon\" \/>\n<meta property=\"article:publisher\" content=\"https:\/\/www.facebook.com\/profile.php?id=61582008467911\" \/>\n<meta property=\"article:published_time\" content=\"2026-02-24T12:28:17+00:00\" \/>\n<meta property=\"article:modified_time\" content=\"2026-03-28T07:02:47+00:00\" \/>\n<meta property=\"og:image\" content=\"https:\/\/funecon.es\/wp-content\/uploads\/2026\/02\/person-s-hand-holding-small-globe.webp\" \/>\n\t<meta property=\"og:image:width\" content=\"1920\" \/>\n\t<meta property=\"og:image:height\" content=\"1281\" \/>\n\t<meta property=\"og:image:type\" content=\"image\/webp\" \/>\n<meta name=\"author\" content=\"Sean Young\" \/>\n<meta name=\"twitter:card\" content=\"summary_large_image\" \/>\n<meta name=\"twitter:label1\" content=\"Escrito por\" \/>\n\t<meta name=\"twitter:data1\" content=\"Sean Young\" \/>\n\t<meta name=\"twitter:label2\" content=\"Tiempo de lectura\" \/>\n\t<meta name=\"twitter:data2\" content=\"4 minutos\" \/>\n<script type=\"application\/ld+json\" class=\"yoast-schema-graph\">{\"@context\":\"https:\\\/\\\/schema.org\",\"@graph\":[{\"@type\":\"Article\",\"@id\":\"https:\\\/\\\/funecon.es\\\/es\\\/servicios-funerarios-espana-latinoamericanos\\\/#article\",\"isPartOf\":{\"@id\":\"https:\\\/\\\/funecon.es\\\/es\\\/servicios-funerarios-espana-latinoamericanos\\\/\"},\"author\":{\"name\":\"Sean Young\",\"@id\":\"https:\\\/\\\/funecon.es\\\/es\\\/#\\\/schema\\\/person\\\/9d1b647fa300131e2f84f24237b4b13e\"},\"headline\":\"Servicios funerarios en Espa\u00f1a para latinoamericanos: qu\u00e9 hacer cuando fallece un familiar lejos de casa\",\"datePublished\":\"2026-02-24T12:28:17+00:00\",\"dateModified\":\"2026-03-28T07:02:47+00:00\",\"mainEntityOfPage\":{\"@id\":\"https:\\\/\\\/funecon.es\\\/es\\\/servicios-funerarios-espana-latinoamericanos\\\/\"},\"wordCount\":935,\"commentCount\":0,\"publisher\":{\"@id\":\"https:\\\/\\\/funecon.es\\\/es\\\/#organization\"},\"image\":{\"@id\":\"https:\\\/\\\/funecon.es\\\/es\\\/servicios-funerarios-espana-latinoamericanos\\\/#primaryimage\"},\"thumbnailUrl\":\"https:\\\/\\\/funecon.es\\\/wp-content\\\/uploads\\\/2026\\\/02\\\/person-s-hand-holding-small-globe.webp\",\"articleSection\":[\"Guide\"],\"inLanguage\":\"es\",\"potentialAction\":[{\"@type\":\"CommentAction\",\"name\":\"Comment\",\"target\":[\"https:\\\/\\\/funecon.es\\\/es\\\/servicios-funerarios-espana-latinoamericanos\\\/#respond\"]}]},{\"@type\":\"WebPage\",\"@id\":\"https:\\\/\\\/funecon.es\\\/es\\\/servicios-funerarios-espana-latinoamericanos\\\/\",\"url\":\"https:\\\/\\\/funecon.es\\\/es\\\/servicios-funerarios-espana-latinoamericanos\\\/\",\"name\":\"Servicios funerarios en Espa\u00f1a para latinoamericanos | Funecon\",\"isPartOf\":{\"@id\":\"https:\\\/\\\/funecon.es\\\/es\\\/#website\"},\"primaryImageOfPage\":{\"@id\":\"https:\\\/\\\/funecon.es\\\/es\\\/servicios-funerarios-espana-latinoamericanos\\\/#primaryimage\"},\"image\":{\"@id\":\"https:\\\/\\\/funecon.es\\\/es\\\/servicios-funerarios-espana-latinoamericanos\\\/#primaryimage\"},\"thumbnailUrl\":\"https:\\\/\\\/funecon.es\\\/wp-content\\\/uploads\\\/2026\\\/02\\\/person-s-hand-holding-small-globe.webp\",\"datePublished\":\"2026-02-24T12:28:17+00:00\",\"dateModified\":\"2026-03-28T07:02:47+00:00\",\"description\":\"Servicios funerarios en Espa\u00f1a para latinoamericanos. Cremaci\u00f3n, entierro y repatriaci\u00f3n a Latinoam\u00e9rica con precios claros y gesti\u00f3n consular completa.\",\"breadcrumb\":{\"@id\":\"https:\\\/\\\/funecon.es\\\/es\\\/servicios-funerarios-espana-latinoamericanos\\\/#breadcrumb\"},\"inLanguage\":\"es\",\"potentialAction\":[{\"@type\":\"ReadAction\",\"target\":[\"https:\\\/\\\/funecon.es\\\/es\\\/servicios-funerarios-espana-latinoamericanos\\\/\"]}]},{\"@type\":\"ImageObject\",\"inLanguage\":\"es\",\"@id\":\"https:\\\/\\\/funecon.es\\\/es\\\/servicios-funerarios-espana-latinoamericanos\\\/#primaryimage\",\"url\":\"https:\\\/\\\/funecon.es\\\/wp-content\\\/uploads\\\/2026\\\/02\\\/person-s-hand-holding-small-globe.webp\",\"contentUrl\":\"https:\\\/\\\/funecon.es\\\/wp-content\\\/uploads\\\/2026\\\/02\\\/person-s-hand-holding-small-globe.webp\",\"width\":1920,\"height\":1281,\"caption\":\"Mapa de latin America\"},{\"@type\":\"BreadcrumbList\",\"@id\":\"https:\\\/\\\/funecon.es\\\/es\\\/servicios-funerarios-espana-latinoamericanos\\\/#breadcrumb\",\"itemListElement\":[{\"@type\":\"ListItem\",\"position\":1,\"name\":\"Home\",\"item\":\"https:\\\/\\\/funecon.es\\\/es\\\/\"},{\"@type\":\"ListItem\",\"position\":2,\"name\":\"Servicios funerarios en Espa\u00f1a para latinoamericanos: qu\u00e9 hacer cuando fallece un familiar lejos de casa\"}]},{\"@type\":\"WebSite\",\"@id\":\"https:\\\/\\\/funecon.es\\\/es\\\/#website\",\"url\":\"https:\\\/\\\/funecon.es\\\/es\\\/\",\"name\":\"Funecon.es\",\"description\":\"Clear, compassionate funeral support for expats in Spain.\",\"publisher\":{\"@id\":\"https:\\\/\\\/funecon.es\\\/es\\\/#organization\"},\"potentialAction\":[{\"@type\":\"SearchAction\",\"target\":{\"@type\":\"EntryPoint\",\"urlTemplate\":\"https:\\\/\\\/funecon.es\\\/es\\\/?s={search_term_string}\"},\"query-input\":{\"@type\":\"PropertyValueSpecification\",\"valueRequired\":true,\"valueName\":\"search_term_string\"}}],\"inLanguage\":\"es\"},{\"@type\":\"Organization\",\"@id\":\"https:\\\/\\\/funecon.es\\\/es\\\/#organization\",\"name\":\"Funecon.es\",\"url\":\"https:\\\/\\\/funecon.es\\\/es\\\/\",\"logo\":{\"@type\":\"ImageObject\",\"inLanguage\":\"es\",\"@id\":\"https:\\\/\\\/funecon.es\\\/es\\\/#\\\/schema\\\/logo\\\/image\\\/\",\"url\":\"https:\\\/\\\/funecon.es\\\/wp-content\\\/uploads\\\/2026\\\/01\\\/FUNECON_A.svg\",\"contentUrl\":\"https:\\\/\\\/funecon.es\\\/wp-content\\\/uploads\\\/2026\\\/01\\\/FUNECON_A.svg\",\"width\":1020,\"height\":454,\"caption\":\"Funecon.es\"},\"image\":{\"@id\":\"https:\\\/\\\/funecon.es\\\/es\\\/#\\\/schema\\\/logo\\\/image\\\/\"},\"sameAs\":[\"https:\\\/\\\/www.facebook.com\\\/profile.php?id=61582008467911\",\"https:\\\/\\\/www.linkedin.com\\\/company\\\/funecon-es\\\/?viewAsMember=true\",\"https:\\\/\\\/www.instagram.com\\\/funecon.es\\\/\"]},{\"@type\":\"Person\",\"@id\":\"https:\\\/\\\/funecon.es\\\/es\\\/#\\\/schema\\\/person\\\/9d1b647fa300131e2f84f24237b4b13e\",\"name\":\"Sean Young\",\"image\":{\"@type\":\"ImageObject\",\"inLanguage\":\"es\",\"@id\":\"https:\\\/\\\/secure.gravatar.com\\\/avatar\\\/4503dccaa762dd0740b47c94f6e505d092e89a79ce42ca9a23a5e92fac0ed660?s=96&d=mm&r=g\",\"url\":\"https:\\\/\\\/secure.gravatar.com\\\/avatar\\\/4503dccaa762dd0740b47c94f6e505d092e89a79ce42ca9a23a5e92fac0ed660?s=96&d=mm&r=g\",\"contentUrl\":\"https:\\\/\\\/secure.gravatar.com\\\/avatar\\\/4503dccaa762dd0740b47c94f6e505d092e89a79ce42ca9a23a5e92fac0ed660?s=96&d=mm&r=g\",\"caption\":\"Sean Young\"},\"description\":\"Sean Young is the creator of Funecon.es. After seeing how confusing the Spanish system can be for expats, he now focuses on providing calm, transparent guidance and reliable support for families across Spain when they need it most.\",\"sameAs\":[\"https:\\\/\\\/funecon.es\",\"https:\\\/\\\/www.linkedin.com\\\/in\\\/sean-young-b5215b6\\\/\"],\"url\":\"https:\\\/\\\/funecon.es\\\/es\\\/author\\\/sean-young\\\/\"}]}<\/script>\n<!-- \/ Yoast SEO plugin. -->","yoast_head_json":{"title":"Servicios funerarios en Espa\u00f1a para latinoamericanos | Funecon","description":"Servicios funerarios en Espa\u00f1a para latinoamericanos. Cremaci\u00f3n, entierro y repatriaci\u00f3n a Latinoam\u00e9rica con precios claros y gesti\u00f3n consular completa.","robots":{"index":"index","follow":"follow","max-snippet":"max-snippet:-1","max-image-preview":"max-image-preview:large","max-video-preview":"max-video-preview:-1"},"canonical":"https:\/\/funecon.es\/es\/servicios-funerarios-espanoles-latinoamericanos\/","og_locale":"es_ES","og_type":"article","og_title":"Servicios funerarios en Espa\u00f1a para latinoamericanos | Funecon","og_description":"Servicios funerarios en Espa\u00f1a para latinoamericanos. Cremaci\u00f3n, entierro y repatriaci\u00f3n a Latinoam\u00e9rica con precios claros y gesti\u00f3n consular completa.","og_url":"https:\/\/funecon.es\/es\/servicios-funerarios-espanoles-latinoamericanos\/","og_site_name":"Funecon","article_publisher":"https:\/\/www.facebook.com\/profile.php?id=61582008467911","article_published_time":"2026-02-24T12:28:17+00:00","article_modified_time":"2026-03-28T07:02:47+00:00","og_image":[{"width":1920,"height":1281,"url":"https:\/\/funecon.es\/wp-content\/uploads\/2026\/02\/person-s-hand-holding-small-globe.webp","type":"image\/webp"}],"author":"Sean Young","twitter_card":"summary_large_image","twitter_misc":{"Escrito por":"Sean Young","Tiempo de lectura":"4 minutos"},"schema":{"@context":"https:\/\/schema.org","@graph":[{"@type":"Article","@id":"https:\/\/funecon.es\/es\/servicios-funerarios-espana-latinoamericanos\/#article","isPartOf":{"@id":"https:\/\/funecon.es\/es\/servicios-funerarios-espana-latinoamericanos\/"},"author":{"name":"Sean Young","@id":"https:\/\/funecon.es\/es\/#\/schema\/person\/9d1b647fa300131e2f84f24237b4b13e"},"headline":"Servicios funerarios en Espa\u00f1a para latinoamericanos: qu\u00e9 hacer cuando fallece un familiar lejos de casa","datePublished":"2026-02-24T12:28:17+00:00","dateModified":"2026-03-28T07:02:47+00:00","mainEntityOfPage":{"@id":"https:\/\/funecon.es\/es\/servicios-funerarios-espana-latinoamericanos\/"},"wordCount":935,"commentCount":0,"publisher":{"@id":"https:\/\/funecon.es\/es\/#organization"},"image":{"@id":"https:\/\/funecon.es\/es\/servicios-funerarios-espana-latinoamericanos\/#primaryimage"},"thumbnailUrl":"https:\/\/funecon.es\/wp-content\/uploads\/2026\/02\/person-s-hand-holding-small-globe.webp","articleSection":["Guide"],"inLanguage":"es","potentialAction":[{"@type":"CommentAction","name":"Comment","target":["https:\/\/funecon.es\/es\/servicios-funerarios-espana-latinoamericanos\/#respond"]}]},{"@type":"WebPage","@id":"https:\/\/funecon.es\/es\/servicios-funerarios-espana-latinoamericanos\/","url":"https:\/\/funecon.es\/es\/servicios-funerarios-espana-latinoamericanos\/","name":"Servicios funerarios en Espa\u00f1a para latinoamericanos | Funecon","isPartOf":{"@id":"https:\/\/funecon.es\/es\/#website"},"primaryImageOfPage":{"@id":"https:\/\/funecon.es\/es\/servicios-funerarios-espana-latinoamericanos\/#primaryimage"},"image":{"@id":"https:\/\/funecon.es\/es\/servicios-funerarios-espana-latinoamericanos\/#primaryimage"},"thumbnailUrl":"https:\/\/funecon.es\/wp-content\/uploads\/2026\/02\/person-s-hand-holding-small-globe.webp","datePublished":"2026-02-24T12:28:17+00:00","dateModified":"2026-03-28T07:02:47+00:00","description":"Servicios funerarios en Espa\u00f1a para latinoamericanos. Cremaci\u00f3n, entierro y repatriaci\u00f3n a Latinoam\u00e9rica con precios claros y gesti\u00f3n consular completa.","breadcrumb":{"@id":"https:\/\/funecon.es\/es\/servicios-funerarios-espana-latinoamericanos\/#breadcrumb"},"inLanguage":"es","potentialAction":[{"@type":"ReadAction","target":["https:\/\/funecon.es\/es\/servicios-funerarios-espana-latinoamericanos\/"]}]},{"@type":"ImageObject","inLanguage":"es","@id":"https:\/\/funecon.es\/es\/servicios-funerarios-espana-latinoamericanos\/#primaryimage","url":"https:\/\/funecon.es\/wp-content\/uploads\/2026\/02\/person-s-hand-holding-small-globe.webp","contentUrl":"https:\/\/funecon.es\/wp-content\/uploads\/2026\/02\/person-s-hand-holding-small-globe.webp","width":1920,"height":1281,"caption":"Mapa de latin America"},{"@type":"BreadcrumbList","@id":"https:\/\/funecon.es\/es\/servicios-funerarios-espana-latinoamericanos\/#breadcrumb","itemListElement":[{"@type":"ListItem","position":1,"name":"Home","item":"https:\/\/funecon.es\/es\/"},{"@type":"ListItem","position":2,"name":"Servicios funerarios en Espa\u00f1a para latinoamericanos: qu\u00e9 hacer cuando fallece un familiar lejos de casa"}]},{"@type":"WebSite","@id":"https:\/\/funecon.es\/es\/#website","url":"https:\/\/funecon.es\/es\/","name":"Funecon.es","description":"Apoyo funerario claro y compasivo para expatriados en Espa\u00f1a.","publisher":{"@id":"https:\/\/funecon.es\/es\/#organization"},"potentialAction":[{"@type":"SearchAction","target":{"@type":"EntryPoint","urlTemplate":"https:\/\/funecon.es\/es\/?s={search_term_string}"},"query-input":{"@type":"PropertyValueSpecification","valueRequired":true,"valueName":"search_term_string"}}],"inLanguage":"es"},{"@type":"Organization","@id":"https:\/\/funecon.es\/es\/#organization","name":"Funecon.es","url":"https:\/\/funecon.es\/es\/","logo":{"@type":"ImageObject","inLanguage":"es","@id":"https:\/\/funecon.es\/es\/#\/schema\/logo\/image\/","url":"https:\/\/funecon.es\/wp-content\/uploads\/2026\/01\/FUNECON_A.svg","contentUrl":"https:\/\/funecon.es\/wp-content\/uploads\/2026\/01\/FUNECON_A.svg","width":1020,"height":454,"caption":"Funecon.es"},"image":{"@id":"https:\/\/funecon.es\/es\/#\/schema\/logo\/image\/"},"sameAs":["https:\/\/www.facebook.com\/profile.php?id=61582008467911","https:\/\/www.linkedin.com\/company\/funecon-es\/?viewAsMember=true","https:\/\/www.instagram.com\/funecon.es\/"]},{"@type":"Person","@id":"https:\/\/funecon.es\/es\/#\/schema\/person\/9d1b647fa300131e2f84f24237b4b13e","name":"Sean Young","image":{"@type":"ImageObject","inLanguage":"es","@id":"https:\/\/secure.gravatar.com\/avatar\/4503dccaa762dd0740b47c94f6e505d092e89a79ce42ca9a23a5e92fac0ed660?s=96&d=mm&r=g","url":"https:\/\/secure.gravatar.com\/avatar\/4503dccaa762dd0740b47c94f6e505d092e89a79ce42ca9a23a5e92fac0ed660?s=96&d=mm&r=g","contentUrl":"https:\/\/secure.gravatar.com\/avatar\/4503dccaa762dd0740b47c94f6e505d092e89a79ce42ca9a23a5e92fac0ed660?s=96&d=mm&r=g","caption":"Sean Young"},"description":"Sean Young es el creador de Funecon.es. Tras comprobar lo confuso que puede resultar el sistema espa\u00f1ol para los expatriados, ahora se centra en ofrecer una orientaci\u00f3n tranquila y transparente y un apoyo fiable a las familias de toda Espa\u00f1a cuando m\u00e1s lo necesitan.","sameAs":["https:\/\/funecon.es","https:\/\/www.linkedin.com\/in\/sean-young-b5215b6\/"],"url":"https:\/\/funecon.es\/es\/author\/sean-young\/"}]}},"_links":{"self":[{"href":"https:\/\/funecon.es\/es\/wp-json\/wp\/v2\/posts\/3232","targetHints":{"allow":["GET"]}}],"collection":[{"href":"https:\/\/funecon.es\/es\/wp-json\/wp\/v2\/posts"}],"about":[{"href":"https:\/\/funecon.es\/es\/wp-json\/wp\/v2\/types\/post"}],"author":[{"embeddable":true,"href":"https:\/\/funecon.es\/es\/wp-json\/wp\/v2\/users\/1"}],"replies":[{"embeddable":true,"href":"https:\/\/funecon.es\/es\/wp-json\/wp\/v2\/comments?post=3232"}],"version-history":[{"count":3,"href":"https:\/\/funecon.es\/es\/wp-json\/wp\/v2\/posts\/3232\/revisions"}],"predecessor-version":[{"id":3265,"href":"https:\/\/funecon.es\/es\/wp-json\/wp\/v2\/posts\/3232\/revisions\/3265"}],"wp:featuredmedia":[{"embeddable":true,"href":"https:\/\/funecon.es\/es\/wp-json\/wp\/v2\/media\/3234"}],"wp:attachment":[{"href":"https:\/\/funecon.es\/es\/wp-json\/wp\/v2\/media?parent=3232"}],"wp:term":[{"taxonomy":"category","embeddable":true,"href":"https:\/\/funecon.es\/es\/wp-json\/wp\/v2\/categories?post=3232"},{"taxonomy":"post_tag","embeddable":true,"href":"https:\/\/funecon.es\/es\/wp-json\/wp\/v2\/tags?post=3232"}],"curies":[{"name":"wp","href":"https:\/\/api.w.org\/{rel}","templated":true}]}}